{"id":32221,"date":"2021-10-04T12:14:38","date_gmt":"2021-10-04T10:14:38","guid":{"rendered":"https:\/\/lespiculins.com\/o-que-trazer-quando-vou-dar-um-passeio-com-o-meu-bebe\/"},"modified":"2021-10-04T12:14:39","modified_gmt":"2021-10-04T10:14:39","slug":"o-que-trazer-quando-vou-dar-um-passeio-com-o-meu-bebe","status":"publish","type":"post","link":"https:\/\/lespiculins.com\/pt-pt\/o-que-trazer-quando-vou-dar-um-passeio-com-o-meu-bebe\/","title":{"rendered":"O que trazer quando vou dar um passeio com o meu beb\u00e9"},"content":{"rendered":"<section class=\"wpb-content-wrapper\"><section class=\"l-section wpb_row height_medium\"><div class=\"l-section-h i-cf\"><div class=\"g-cols vc_row via_flex valign_top type_default stacking_default\"><div class=\"vc_col-sm-12 wpb_column vc_column_container\"><div class=\"vc_column-inner\"><div class=\"wpb_wrapper\"><div class=\"wpb_text_column\"><div class=\"wpb_wrapper\"><p style=\"text-align: justify;\">O nosso beb\u00e9 precisa de uma s\u00e9rie de atividades di\u00e1rias que <strong>sejam ben\u00e9ficas para a sua sa\u00fade.<\/strong> Um deles \u00e9 a caminhada com os pais, em que <strong>recebe est\u00edmulos vindos de fora.<\/strong> Agora que o outono chega e est\u00e1 menos quente, \u00e9 bom sair para aproveitar o sol da manh\u00e3 e da <strong>tarde.<\/strong><\/p>\n<\/div><\/div><div class=\"wpb_text_column\"><div class=\"wpb_wrapper\"><h2>B\u00e1sico para o passeio com o beb\u00ea<\/h2>\n<\/div><\/div><div class=\"wpb_text_column\"><div class=\"wpb_wrapper\"><p style=\"text-align: justify;\"><strong>Carrinho ou cadeirinha.<\/strong> Dependendo da idade do beb\u00e9. Nos <strong>primeiros meses da<\/strong> vida do nosso beb\u00e9, usaremos um carrinho que pode reclinar-se completamente. Mais tarde ir\u00e1 para <strong>uma cadeira de crian\u00e7a<\/strong> para se sentar. Isto deve estar equipado com <strong>uma cobertura<\/strong> para proteger a crian\u00e7a nos meses frios e um <strong>guarda-chuva<\/strong> para os meses quentes.<\/p>\n<p style=\"text-align: justify;\"><a href=\"https:\/\/lespiculins.com\/pt-pt\/categoria-produto\/sacos\/\" target=\"_blank\" rel=\"noopener\"><strong>Saco de passeio.<\/strong><\/p>\n<p><\/a> Nele vamos levar tudo o que o nosso beb\u00e9 possa precisar enquanto n\u00e3o estivermos em casa: a sua comida, fraldas, toalhetes, mudas de mesa&#8230; Por conseguinte, \u00e9 aconselh\u00e1vel que <strong>n\u00e3o seja muito pequeno.<\/strong><\/p>\n<\/div><\/div><div class=\"wpb_text_column\"><div class=\"wpb_wrapper\"><h2>O que levar no saco do carrinho<\/h2>\n<\/div><\/div><div class=\"wpb_text_column\"><div class=\"wpb_wrapper\"><p>Nesta lista est\u00e1 o essencial para assumir cada caminhada.<\/p>\n<p><strong>Fraldas, fraldas.<\/strong> Vai depender da<strong>rapidez com que estaremos longe de casa.<\/strong> Normalmente, um beb\u00e9 usa cerca de 8 fraldas por dia, embora com o tempo os pais conhe\u00e7am perfeitamente o seu pequeno e saibam como se encaixar melhor.<\/p>\n<p><strong>Changer<\/strong>. Evitamos deixar o nosso beb\u00e9 em superf\u00edcies frias ou pouco higi\u00e9nicas enquanto mudamos a fralda.<\/p>\n<p><strong>Toalhetes e cremes.<\/strong> Tanto para a mudan\u00e7a de fraldas como para <strong>a sa\u00fade da<\/strong> pele que est\u00e1 coberta com ela. Como se limpassem as m\u00e3os ou a boca quando se sujam.<\/p>\n<p><strong>Uma ou duas mudan\u00e7as de roupa.<\/strong> As crian\u00e7as podem <strong>sujar-se de comer<\/strong> ou durante a troca de fraldas e \u00e0s vezes \u00e9 necess\u00e1rio mudar de roupa.<\/p>\n<p><strong>Babetes<\/strong> para usar enquanto o alimentamos. <strong>E engarrafar com \u00e1gua,<\/strong>se puder tom\u00e1-la, para mant\u00ea-la hidratada.<\/p>\n<p><strong>Cobertor ou toquilla,<\/strong>caso a temperatura mude drasticamente.<\/p>\n<p><strong>Documentos importantes.<\/strong> N\u00e3o se esque\u00e7a do documento com toda a documenta\u00e7\u00e3o importante: cart\u00e3o de sa\u00fade, ID, intoler\u00e2ncias, alergias&#8230; No caso de precisarmos de ir ao m\u00e9dico a <strong>qualquer momento.<\/strong><\/p>\n<p><strong>Brinquedos.<\/strong> Vai <strong>mant\u00ea-lo entretido<\/strong> \u00e0s vezes quando se sentir mais desconfort\u00e1vel durante o passeio.<\/p>\n<\/div><\/div><\/div><\/div><\/div><\/div><\/div><\/section>\n<\/section>","protected":false},"excerpt":{"rendered":"O nosso beb\u00e9 precisa de uma s\u00e9rie de atividades di\u00e1rias que sejam ben\u00e9ficas para a sua sa\u00fade. Um deles \u00e9 a caminhada com os pais, em que recebe est\u00edmulos vindos de fora. Agora que o outono chega e est\u00e1 menos quente, \u00e9 bom sair para aproveitar o sol da manh\u00e3 e da tarde. B\u00e1sico para...","protected":false},"author":158,"featured_media":30982,"comment_status":"closed","ping_status":"closed","sticky":false,"template":"","format":"standard","meta":{"footnotes":"","_joinchat":[]},"categories":[156],"tags":[],"yoast_head":"<!-- This site is optimized with the Yoast SEO plugin v21.5 - https:\/\/yoast.com\/wordpress\/plugins\/seo\/ -->\n<title>O que trazer quando vou dar um passeio com o meu beb\u00e9 - Les Piculins<\/title>\n<meta name=\"description\" content=\"O que trazer quando eu for dar um passeio com o meu beb\u00e9. Deixamos-lhe uma lista do essencial durante a caminhada com o nosso pequenino.\" \/>\n<meta name=\"robots\" content=\"index, follow, max-snippet:-1, max-image-preview:large, max-video-preview:-1\" \/>\n<link rel=\"canonical\" href=\"https:\/\/lespiculins.com\/pt-pt\/o-que-trazer-quando-vou-dar-um-passeio-com-o-meu-bebe\/\" \/>\n<meta property=\"og:locale\" content=\"pt_PT\" \/>\n<meta property=\"og:type\" content=\"article\" \/>\n<meta property=\"og:title\" content=\"O que trazer quando vou dar um passeio com o meu beb\u00e9 - Les Piculins\" \/>\n<meta property=\"og:description\" content=\"O que trazer quando eu for dar um passeio com o meu beb\u00e9. Deixamos-lhe uma lista do essencial durante a caminhada com o nosso pequenino.\" \/>\n<meta property=\"og:url\" content=\"https:\/\/lespiculins.com\/pt-pt\/o-que-trazer-quando-vou-dar-um-passeio-com-o-meu-bebe\/\" \/>\n<meta property=\"og:site_name\" content=\"Les Piculins\" \/>\n<meta property=\"article:published_time\" content=\"2021-10-04T10:14:38+00:00\" \/>\n<meta property=\"article:modified_time\" content=\"2021-10-04T10:14:39+00:00\" \/>\n<meta property=\"og:image\" content=\"https:\/\/lespiculins.com\/wp-content\/uploads\/2021\/03\/Funda-carrito-bebe-y-bolso-flores_Les-Piculins.jpg\" \/>\n\t<meta property=\"og:image:width\" content=\"1200\" \/>\n\t<meta property=\"og:image:height\" content=\"900\" \/>\n\t<meta property=\"og:image:type\" content=\"image\/jpeg\" \/>\n<meta name=\"author\" content=\"nuria.arjona\" \/>\n<meta name=\"twitter:card\" content=\"summary_large_image\" \/>\n<meta name=\"twitter:label1\" content=\"Escrito por\" \/>\n\t<meta name=\"twitter:data1\" content=\"nuria.arjona\" \/>\n\t<meta name=\"twitter:label2\" content=\"Tempo estimado de leitura\" \/>\n\t<meta name=\"twitter:data2\" content=\"2 minutos\" \/>\n<script type=\"application\/ld+json\" class=\"yoast-schema-graph\">{\"@context\":\"https:\/\/schema.org\",\"@graph\":[{\"@type\":\"WebPage\",\"@id\":\"https:\/\/lespiculins.com\/pt-pt\/o-que-trazer-quando-vou-dar-um-passeio-com-o-meu-bebe\/\",\"url\":\"https:\/\/lespiculins.com\/pt-pt\/o-que-trazer-quando-vou-dar-um-passeio-com-o-meu-bebe\/\",\"name\":\"O que trazer quando vou dar um passeio com o meu beb\u00e9 - Les Piculins\",\"isPartOf\":{\"@id\":\"https:\/\/lespiculins.com\/pt-pt\/#website\"},\"datePublished\":\"2021-10-04T10:14:38+00:00\",\"dateModified\":\"2021-10-04T10:14:39+00:00\",\"author\":{\"@id\":\"https:\/\/lespiculins.com\/pt-pt\/#\/schema\/person\/485771fa0e5703bef96f953d7cf3df2f\"},\"description\":\"O que trazer quando eu for dar um passeio com o meu beb\u00e9. Deixamos-lhe uma lista do essencial durante a caminhada com o nosso pequenino.\",\"breadcrumb\":{\"@id\":\"https:\/\/lespiculins.com\/pt-pt\/o-que-trazer-quando-vou-dar-um-passeio-com-o-meu-bebe\/#breadcrumb\"},\"inLanguage\":\"pt-PT\",\"potentialAction\":[{\"@type\":\"ReadAction\",\"target\":[\"https:\/\/lespiculins.com\/pt-pt\/o-que-trazer-quando-vou-dar-um-passeio-com-o-meu-bebe\/\"]}]},{\"@type\":\"BreadcrumbList\",\"@id\":\"https:\/\/lespiculins.com\/pt-pt\/o-que-trazer-quando-vou-dar-um-passeio-com-o-meu-bebe\/#breadcrumb\",\"itemListElement\":[{\"@type\":\"ListItem\",\"position\":1,\"name\":\"Portada\",\"item\":\"https:\/\/lespiculins.com\/pt-pt\/inicio\/\"},{\"@type\":\"ListItem\",\"position\":2,\"name\":\"O que trazer quando vou dar um passeio com o meu beb\u00e9\"}]},{\"@type\":\"WebSite\",\"@id\":\"https:\/\/lespiculins.com\/pt-pt\/#website\",\"url\":\"https:\/\/lespiculins.com\/pt-pt\/\",\"name\":\"Les Piculins\",\"description\":\"Fundas para carritos, bugaboo, maclaren, icoo, bebecar, mima...\",\"potentialAction\":[{\"@type\":\"SearchAction\",\"target\":{\"@type\":\"EntryPoint\",\"urlTemplate\":\"https:\/\/lespiculins.com\/pt-pt\/?s={search_term_string}\"},\"query-input\":\"required name=search_term_string\"}],\"inLanguage\":\"pt-PT\"},{\"@type\":\"Person\",\"@id\":\"https:\/\/lespiculins.com\/pt-pt\/#\/schema\/person\/485771fa0e5703bef96f953d7cf3df2f\",\"name\":\"nuria.arjona\",\"url\":\"https:\/\/lespiculins.com\/pt-pt\/author\/nuria-arjona\/\"}]}<\/script>\n<!-- \/ Yoast SEO plugin. -->","yoast_head_json":{"title":"O que trazer quando vou dar um passeio com o meu beb\u00e9 - Les Piculins","description":"O que trazer quando eu for dar um passeio com o meu beb\u00e9. Deixamos-lhe uma lista do essencial durante a caminhada com o nosso pequenino.","robots":{"index":"index","follow":"follow","max-snippet":"max-snippet:-1","max-image-preview":"max-image-preview:large","max-video-preview":"max-video-preview:-1"},"canonical":"https:\/\/lespiculins.com\/pt-pt\/o-que-trazer-quando-vou-dar-um-passeio-com-o-meu-bebe\/","og_locale":"pt_PT","og_type":"article","og_title":"O que trazer quando vou dar um passeio com o meu beb\u00e9 - Les Piculins","og_description":"O que trazer quando eu for dar um passeio com o meu beb\u00e9. Deixamos-lhe uma lista do essencial durante a caminhada com o nosso pequenino.","og_url":"https:\/\/lespiculins.com\/pt-pt\/o-que-trazer-quando-vou-dar-um-passeio-com-o-meu-bebe\/","og_site_name":"Les Piculins","article_published_time":"2021-10-04T10:14:38+00:00","article_modified_time":"2021-10-04T10:14:39+00:00","og_image":[{"width":1200,"height":900,"url":"https:\/\/lespiculins.com\/wp-content\/uploads\/2021\/03\/Funda-carrito-bebe-y-bolso-flores_Les-Piculins.jpg","type":"image\/jpeg"}],"author":"nuria.arjona","twitter_card":"summary_large_image","twitter_misc":{"Escrito por":"nuria.arjona","Tempo estimado de leitura":"2 minutos"},"schema":{"@context":"https:\/\/schema.org","@graph":[{"@type":"WebPage","@id":"https:\/\/lespiculins.com\/pt-pt\/o-que-trazer-quando-vou-dar-um-passeio-com-o-meu-bebe\/","url":"https:\/\/lespiculins.com\/pt-pt\/o-que-trazer-quando-vou-dar-um-passeio-com-o-meu-bebe\/","name":"O que trazer quando vou dar um passeio com o meu beb\u00e9 - Les Piculins","isPartOf":{"@id":"https:\/\/lespiculins.com\/pt-pt\/#website"},"datePublished":"2021-10-04T10:14:38+00:00","dateModified":"2021-10-04T10:14:39+00:00","author":{"@id":"https:\/\/lespiculins.com\/pt-pt\/#\/schema\/person\/485771fa0e5703bef96f953d7cf3df2f"},"description":"O que trazer quando eu for dar um passeio com o meu beb\u00e9. Deixamos-lhe uma lista do essencial durante a caminhada com o nosso pequenino.","breadcrumb":{"@id":"https:\/\/lespiculins.com\/pt-pt\/o-que-trazer-quando-vou-dar-um-passeio-com-o-meu-bebe\/#breadcrumb"},"inLanguage":"pt-PT","potentialAction":[{"@type":"ReadAction","target":["https:\/\/lespiculins.com\/pt-pt\/o-que-trazer-quando-vou-dar-um-passeio-com-o-meu-bebe\/"]}]},{"@type":"BreadcrumbList","@id":"https:\/\/lespiculins.com\/pt-pt\/o-que-trazer-quando-vou-dar-um-passeio-com-o-meu-bebe\/#breadcrumb","itemListElement":[{"@type":"ListItem","position":1,"name":"Portada","item":"https:\/\/lespiculins.com\/pt-pt\/inicio\/"},{"@type":"ListItem","position":2,"name":"O que trazer quando vou dar um passeio com o meu beb\u00e9"}]},{"@type":"WebSite","@id":"https:\/\/lespiculins.com\/pt-pt\/#website","url":"https:\/\/lespiculins.com\/pt-pt\/","name":"Les Piculins","description":"Fundas para carritos, bugaboo, maclaren, icoo, bebecar, mima...","potentialAction":[{"@type":"SearchAction","target":{"@type":"EntryPoint","urlTemplate":"https:\/\/lespiculins.com\/pt-pt\/?s={search_term_string}"},"query-input":"required name=search_term_string"}],"inLanguage":"pt-PT"},{"@type":"Person","@id":"https:\/\/lespiculins.com\/pt-pt\/#\/schema\/person\/485771fa0e5703bef96f953d7cf3df2f","name":"nuria.arjona","url":"https:\/\/lespiculins.com\/pt-pt\/author\/nuria-arjona\/"}]}},"_links":{"self":[{"href":"https:\/\/lespiculins.com\/pt-pt\/wp-json\/wp\/v2\/posts\/32221"}],"collection":[{"href":"https:\/\/lespiculins.com\/pt-pt\/wp-json\/wp\/v2\/posts"}],"about":[{"href":"https:\/\/lespiculins.com\/pt-pt\/wp-json\/wp\/v2\/types\/post"}],"author":[{"embeddable":true,"href":"https:\/\/lespiculins.com\/pt-pt\/wp-json\/wp\/v2\/users\/158"}],"replies":[{"embeddable":true,"href":"https:\/\/lespiculins.com\/pt-pt\/wp-json\/wp\/v2\/comments?post=32221"}],"version-history":[{"count":2,"href":"https:\/\/lespiculins.com\/pt-pt\/wp-json\/wp\/v2\/posts\/32221\/revisions"}],"predecessor-version":[{"id":32223,"href":"https:\/\/lespiculins.com\/pt-pt\/wp-json\/wp\/v2\/posts\/32221\/revisions\/32223"}],"wp:featuredmedia":[{"embeddable":true,"href":"https:\/\/lespiculins.com\/pt-pt\/wp-json\/wp\/v2\/media\/30982"}],"wp:attachment":[{"href":"https:\/\/lespiculins.com\/pt-pt\/wp-json\/wp\/v2\/media?parent=32221"}],"wp:term":[{"taxonomy":"category","embeddable":true,"href":"https:\/\/lespiculins.com\/pt-pt\/wp-json\/wp\/v2\/categories?post=32221"},{"taxonomy":"post_tag","embeddable":true,"href":"https:\/\/lespiculins.com\/pt-pt\/wp-json\/wp\/v2\/tags?post=32221"}],"curies":[{"name":"wp","href":"https:\/\/api.w.org\/{rel}","templated":true}]}}