{"id":31825,"date":"2021-06-15T10:07:15","date_gmt":"2021-06-15T08:07:15","guid":{"rendered":"https:\/\/lespiculins.com\/o-que-um-bebe-precisa-para-ir-a-praia\/"},"modified":"2021-06-15T10:07:15","modified_gmt":"2021-06-15T08:07:15","slug":"o-que-um-bebe-precisa-para-ir-a-praia","status":"publish","type":"post","link":"https:\/\/lespiculins.com\/pt-pt\/o-que-um-bebe-precisa-para-ir-a-praia\/","title":{"rendered":"O que um beb\u00ea precisa para ir \u00e0 praia"},"content":{"rendered":"<section class=\"wpb-content-wrapper\"><section class=\"l-section wpb_row height_medium\"><div class=\"l-section-h i-cf\"><div class=\"g-cols vc_row via_flex valign_top type_default stacking_default\"><div class=\"vc_col-sm-12 wpb_column vc_column_container\"><div class=\"vc_column-inner\"><div class=\"wpb_wrapper\"><div class=\"wpb_text_column\"><div class=\"wpb_wrapper\"><p style=\"text-align: justify;\">Se <strong>\u00e9s m\u00e3e pela primeira vez ou pai pela primeira vez,<\/strong> est\u00e1s a pensar <strong>no que o teu beb\u00e9 precisa para ir<\/strong> \u00e0 praia pela primeira vez. Quem disser praia, tamb\u00e9m diz lago ou piscina.<\/p>\n<p style=\"text-align: justify;\"><strong>Recomenda-se que n\u00e3o levem beb\u00e9s com menos de 6 meses para a praia,<\/strong>uma vez que a sua pele n\u00e3o est\u00e1 preparada para que possam ser aplicados creme de prote\u00e7\u00e3o.  <strong>Consulte o pediatra<\/strong> todas as d\u00favidas relacionadas com o sol e o seu beb\u00e9, ningu\u00e9m melhor para planear uma visita \u00e0 praia segura.<\/p>\n<\/div><\/div><div class=\"wpb_text_column\"><div class=\"wpb_wrapper\"><p style=\"text-align: justify;\">Assim que tivermos a certeza que o nosso beb\u00e9 pode passar algum tempo na praia sem p\u00f4r a sa\u00fade dele em risco, est\u00e1 na altura de fazer a lista de tudo o <strong>que vamos precisar.<\/strong><\/p>\n<\/div><\/div><div class=\"wpb_text_column\"><div class=\"wpb_wrapper\"><h2>Um saco grande e confort\u00e1vel para carregar<\/h2>\n<\/div><\/div><div class=\"wpb_text_column\"><div class=\"wpb_wrapper\"><p>O principal \u00e9 escolher um <a href=\"https:\/\/lespiculins.com\/pt-pt\/categoria-produto\/sacos\/\" target=\"_blank\" rel=\"noopener\">saco<\/a> com <strong>grande capacidade<\/strong> e que se encontre <strong>confort\u00e1vel<\/strong> para transportar. No final, o que decidir tomar depender\u00e1 do tempo que quiser passar na praia, seja algumas horas ou um dia inteiro.<\/p>\n<\/div><\/div><div class=\"wpb_text_column\"><div class=\"wpb_wrapper\"><ol>\n<li style=\"text-align: justify;\"><strong>Protetor solar.<\/strong> Os beb\u00e9s devem sempre usar prote\u00e7\u00e3o elevada ou muito alta para ir \u00e0 praia ou \u00e0 piscina.<\/li>\n<li style=\"text-align: justify;\"><strong>Fraldas e toalhetes.<\/strong> Isto n\u00e3o pode ser esquecido sempre que sa\u00edmos de casa, quer para passar um dia na praia, quer para passear na cidade. Teremos de considerar se o nosso beb\u00e9 se vai molhar ou n\u00e3o no mar.<\/li>\n<li style=\"text-align: justify;\"><strong>T-shirts de manga comprida.<\/strong> Tecido leve e claro. Se forem de manga comprida, melhor. Vamos jogar mais do que um, caso o nosso beb\u00e9 jogue na praia ou at\u00e9 tome banho com ele, para que ele fique duplamente protegido.<\/li>\n<li style=\"text-align: justify;\"><strong>Toalha para secar o beb\u00ea.<\/strong> Assim que terminarmos de tomar banho ou jogar na praia, ficar\u00e1 sempre mais confort\u00e1vel se estiver seco.<\/li>\n<li style=\"text-align: justify;\"><strong>Colcha, toalha extra, emparelhamento&#8230; para derrubar o beb\u00ea.<\/strong> O nosso beb\u00e9 vai passar o dia todo a brincar ou a dormir numa superf\u00edcie seca. Evitar que a sua pele esteja em contacto com o calor da areia ou da espregui\u00e7adeira.<\/li>\n<li style=\"text-align: justify;\"><strong>Tampa ou viseira.<\/strong> Muito importante para proteger o seu rosto.<\/li>\n<li style=\"text-align: justify;\"><strong>Sacos de pl\u00e1stico.<\/strong> Para colocar o fato de banho, a ropita, os brinquedos&#8230; que est\u00e3o molhadas.<\/li>\n<li style=\"text-align: justify;\"><strong>Brinquedos.<\/strong> Se queremos manter o nosso pequenino entretido, n\u00e3o podes perder os brinquedos da praia. A p\u00e1, o cubo&#8230; o que \u00e9 melhor do que descobrir a areia do que brincar!<\/li>\n<li style=\"text-align: justify;\"><strong>Comida.<\/strong> Vai depender se vamos passar o dia todo e o pequenino precisa do seu almo\u00e7o ou cheio. Ou, pelo contr\u00e1rio, ser\u00e3o apenas algumas horas. Ent\u00e3o um lanche ser\u00e1 suficiente. Podemos lev\u00e1-lo numa <a href=\"https:\/\/lespiculins.com\/pt-pt\/categoria-produto\/contos-de-fadas\/\" target=\"_blank\" rel=\"noopener\">caixinha<\/a> para a parte para t\u00ea-la \u00e0 m\u00e3o.<\/li>\n<li style=\"text-align: justify;\"><strong>Documenta\u00e7\u00e3o do beb\u00ea<\/strong>. Muito importante. Os <a href=\"https:\/\/lespiculins.com\/pt-pt\/categoria-produto\/titular-do-documento\/\" target=\"_blank\" rel=\"noopener\">portadores de documentos<\/a> s\u00e3o ideais, uma vez que tem toda a documenta\u00e7\u00e3o do nosso beb\u00e9 \u00e0 m\u00e3o.<\/li>\n<\/ol>\n<\/div><\/div><div class=\"wpb_text_column\"><div class=\"wpb_wrapper\"><h2>Outros bens essenciais para ir \u00e0 praia com um beb\u00e9<\/h2>\n<\/div><\/div><div class=\"wpb_text_column\"><div class=\"wpb_wrapper\"><p><strong>Guarda-chuva.<\/strong> Evitamos que o sol afete diretamente a sua pele e \u00e9 a\u00ed que <strong>deve passar a maior parte do seu tempo.<\/strong> Mesmo que vamos passar o dia nas espregui\u00e7adeiras oferecidas pelos bares de praia \u00e9 necess\u00e1rio. Assim, obtemos mais espa\u00e7o livre do sol prejudicial.<\/p>\n<p><strong>Piscina port\u00e1til.<\/strong> Se o nosso beb\u00e9 \u00e9 muito pequeno ou tem medo <strong>do mar,<\/strong> com uma piscina infl\u00e1vel pode refrescar-se sem passar um mau bocado. Al\u00e9m de ter pouca <strong>capacidade, a \u00e1gua n\u00e3o ser\u00e1 t\u00e3o fria.<\/strong><\/p>\n<p><strong>Flutuador de capotamento.<\/strong> Para beb\u00eas que aventureiros que apreciam o mar sem medo. Assim estar\u00e3o <strong>mais seguros<\/strong> e os pais mais calmos.<\/p>\n<\/div><\/div><\/div><\/div><\/div><\/div><\/div><\/section>\n<\/section>","protected":false},"excerpt":{"rendered":"Se \u00e9s m\u00e3e pela primeira vez ou pai pela primeira vez, est\u00e1s a pensar no que o teu beb\u00e9 precisa para ir \u00e0 praia pela primeira vez. Quem disser praia, tamb\u00e9m diz lago ou piscina. Recomenda-se que n\u00e3o levem beb\u00e9s com menos de 6 meses para a praia,uma vez que a sua pele n\u00e3o est\u00e1...","protected":false},"author":158,"featured_media":31780,"comment_status":"closed","ping_status":"closed","sticky":false,"template":"","format":"standard","meta":{"footnotes":"","_joinchat":[]},"categories":[163],"tags":[],"yoast_head":"<!-- This site is optimized with the Yoast SEO plugin v21.5 - https:\/\/yoast.com\/wordpress\/plugins\/seo\/ -->\n<title>O que um beb\u00ea precisa para ir \u00e0 praia - Les Piculins<\/title>\n<meta name=\"description\" content=\"O que um beb\u00ea precisa para ir \u00e0 praia? Sempre vimos fam\u00edlias carregadas de objetos na praia... mas s\u00e3o todas necess\u00e1rias?\" \/>\n<meta name=\"robots\" content=\"index, follow, max-snippet:-1, max-image-preview:large, max-video-preview:-1\" \/>\n<link rel=\"canonical\" href=\"https:\/\/lespiculins.com\/pt-pt\/o-que-um-bebe-precisa-para-ir-a-praia\/\" \/>\n<meta property=\"og:locale\" content=\"pt_PT\" \/>\n<meta property=\"og:type\" content=\"article\" \/>\n<meta property=\"og:title\" content=\"O que um beb\u00ea precisa para ir \u00e0 praia - Les Piculins\" \/>\n<meta property=\"og:description\" content=\"O que um beb\u00ea precisa para ir \u00e0 praia? Sempre vimos fam\u00edlias carregadas de objetos na praia... mas s\u00e3o todas necess\u00e1rias?\" \/>\n<meta property=\"og:url\" content=\"https:\/\/lespiculins.com\/pt-pt\/o-que-um-bebe-precisa-para-ir-a-praia\/\" \/>\n<meta property=\"og:site_name\" content=\"Les Piculins\" \/>\n<meta property=\"article:published_time\" content=\"2021-06-15T08:07:15+00:00\" \/>\n<meta property=\"og:image\" content=\"https:\/\/lespiculins.com\/wp-content\/uploads\/2021\/06\/Que-necesita-un-bebe-para-ir-a-la-playa-Les-Piculins.jpg\" \/>\n\t<meta property=\"og:image:width\" content=\"1024\" \/>\n\t<meta property=\"og:image:height\" content=\"842\" \/>\n\t<meta property=\"og:image:type\" content=\"image\/jpeg\" \/>\n<meta name=\"author\" content=\"nuria.arjona\" \/>\n<meta name=\"twitter:card\" content=\"summary_large_image\" \/>\n<meta name=\"twitter:label1\" content=\"Escrito por\" \/>\n\t<meta name=\"twitter:data1\" content=\"nuria.arjona\" \/>\n\t<meta name=\"twitter:label2\" content=\"Tempo estimado de leitura\" \/>\n\t<meta name=\"twitter:data2\" content=\"3 minutos\" \/>\n<script type=\"application\/ld+json\" class=\"yoast-schema-graph\">{\"@context\":\"https:\/\/schema.org\",\"@graph\":[{\"@type\":\"WebPage\",\"@id\":\"https:\/\/lespiculins.com\/pt-pt\/o-que-um-bebe-precisa-para-ir-a-praia\/\",\"url\":\"https:\/\/lespiculins.com\/pt-pt\/o-que-um-bebe-precisa-para-ir-a-praia\/\",\"name\":\"O que um beb\u00ea precisa para ir \u00e0 praia - Les Piculins\",\"isPartOf\":{\"@id\":\"https:\/\/lespiculins.com\/pt-pt\/#website\"},\"datePublished\":\"2021-06-15T08:07:15+00:00\",\"dateModified\":\"2021-06-15T08:07:15+00:00\",\"author\":{\"@id\":\"https:\/\/lespiculins.com\/pt-pt\/#\/schema\/person\/485771fa0e5703bef96f953d7cf3df2f\"},\"description\":\"O que um beb\u00ea precisa para ir \u00e0 praia? Sempre vimos fam\u00edlias carregadas de objetos na praia... mas s\u00e3o todas necess\u00e1rias?\",\"breadcrumb\":{\"@id\":\"https:\/\/lespiculins.com\/pt-pt\/o-que-um-bebe-precisa-para-ir-a-praia\/#breadcrumb\"},\"inLanguage\":\"pt-PT\",\"potentialAction\":[{\"@type\":\"ReadAction\",\"target\":[\"https:\/\/lespiculins.com\/pt-pt\/o-que-um-bebe-precisa-para-ir-a-praia\/\"]}]},{\"@type\":\"BreadcrumbList\",\"@id\":\"https:\/\/lespiculins.com\/pt-pt\/o-que-um-bebe-precisa-para-ir-a-praia\/#breadcrumb\",\"itemListElement\":[{\"@type\":\"ListItem\",\"position\":1,\"name\":\"Portada\",\"item\":\"https:\/\/lespiculins.com\/pt-pt\/inicio\/\"},{\"@type\":\"ListItem\",\"position\":2,\"name\":\"O que um beb\u00ea precisa para ir \u00e0 praia\"}]},{\"@type\":\"WebSite\",\"@id\":\"https:\/\/lespiculins.com\/pt-pt\/#website\",\"url\":\"https:\/\/lespiculins.com\/pt-pt\/\",\"name\":\"Les Piculins\",\"description\":\"Fundas para carritos, bugaboo, maclaren, icoo, bebecar, mima...\",\"potentialAction\":[{\"@type\":\"SearchAction\",\"target\":{\"@type\":\"EntryPoint\",\"urlTemplate\":\"https:\/\/lespiculins.com\/pt-pt\/?s={search_term_string}\"},\"query-input\":\"required name=search_term_string\"}],\"inLanguage\":\"pt-PT\"},{\"@type\":\"Person\",\"@id\":\"https:\/\/lespiculins.com\/pt-pt\/#\/schema\/person\/485771fa0e5703bef96f953d7cf3df2f\",\"name\":\"nuria.arjona\",\"url\":\"https:\/\/lespiculins.com\/pt-pt\/author\/nuria-arjona\/\"}]}<\/script>\n<!-- \/ Yoast SEO plugin. -->","yoast_head_json":{"title":"O que um beb\u00ea precisa para ir \u00e0 praia - Les Piculins","description":"O que um beb\u00ea precisa para ir \u00e0 praia? Sempre vimos fam\u00edlias carregadas de objetos na praia... mas s\u00e3o todas necess\u00e1rias?","robots":{"index":"index","follow":"follow","max-snippet":"max-snippet:-1","max-image-preview":"max-image-preview:large","max-video-preview":"max-video-preview:-1"},"canonical":"https:\/\/lespiculins.com\/pt-pt\/o-que-um-bebe-precisa-para-ir-a-praia\/","og_locale":"pt_PT","og_type":"article","og_title":"O que um beb\u00ea precisa para ir \u00e0 praia - Les Piculins","og_description":"O que um beb\u00ea precisa para ir \u00e0 praia? Sempre vimos fam\u00edlias carregadas de objetos na praia... mas s\u00e3o todas necess\u00e1rias?","og_url":"https:\/\/lespiculins.com\/pt-pt\/o-que-um-bebe-precisa-para-ir-a-praia\/","og_site_name":"Les Piculins","article_published_time":"2021-06-15T08:07:15+00:00","og_image":[{"width":1024,"height":842,"url":"https:\/\/lespiculins.com\/wp-content\/uploads\/2021\/06\/Que-necesita-un-bebe-para-ir-a-la-playa-Les-Piculins.jpg","type":"image\/jpeg"}],"author":"nuria.arjona","twitter_card":"summary_large_image","twitter_misc":{"Escrito por":"nuria.arjona","Tempo estimado de leitura":"3 minutos"},"schema":{"@context":"https:\/\/schema.org","@graph":[{"@type":"WebPage","@id":"https:\/\/lespiculins.com\/pt-pt\/o-que-um-bebe-precisa-para-ir-a-praia\/","url":"https:\/\/lespiculins.com\/pt-pt\/o-que-um-bebe-precisa-para-ir-a-praia\/","name":"O que um beb\u00ea precisa para ir \u00e0 praia - Les Piculins","isPartOf":{"@id":"https:\/\/lespiculins.com\/pt-pt\/#website"},"datePublished":"2021-06-15T08:07:15+00:00","dateModified":"2021-06-15T08:07:15+00:00","author":{"@id":"https:\/\/lespiculins.com\/pt-pt\/#\/schema\/person\/485771fa0e5703bef96f953d7cf3df2f"},"description":"O que um beb\u00ea precisa para ir \u00e0 praia? Sempre vimos fam\u00edlias carregadas de objetos na praia... mas s\u00e3o todas necess\u00e1rias?","breadcrumb":{"@id":"https:\/\/lespiculins.com\/pt-pt\/o-que-um-bebe-precisa-para-ir-a-praia\/#breadcrumb"},"inLanguage":"pt-PT","potentialAction":[{"@type":"ReadAction","target":["https:\/\/lespiculins.com\/pt-pt\/o-que-um-bebe-precisa-para-ir-a-praia\/"]}]},{"@type":"BreadcrumbList","@id":"https:\/\/lespiculins.com\/pt-pt\/o-que-um-bebe-precisa-para-ir-a-praia\/#breadcrumb","itemListElement":[{"@type":"ListItem","position":1,"name":"Portada","item":"https:\/\/lespiculins.com\/pt-pt\/inicio\/"},{"@type":"ListItem","position":2,"name":"O que um beb\u00ea precisa para ir \u00e0 praia"}]},{"@type":"WebSite","@id":"https:\/\/lespiculins.com\/pt-pt\/#website","url":"https:\/\/lespiculins.com\/pt-pt\/","name":"Les Piculins","description":"Fundas para carritos, bugaboo, maclaren, icoo, bebecar, mima...","potentialAction":[{"@type":"SearchAction","target":{"@type":"EntryPoint","urlTemplate":"https:\/\/lespiculins.com\/pt-pt\/?s={search_term_string}"},"query-input":"required name=search_term_string"}],"inLanguage":"pt-PT"},{"@type":"Person","@id":"https:\/\/lespiculins.com\/pt-pt\/#\/schema\/person\/485771fa0e5703bef96f953d7cf3df2f","name":"nuria.arjona","url":"https:\/\/lespiculins.com\/pt-pt\/author\/nuria-arjona\/"}]}},"_links":{"self":[{"href":"https:\/\/lespiculins.com\/pt-pt\/wp-json\/wp\/v2\/posts\/31825"}],"collection":[{"href":"https:\/\/lespiculins.com\/pt-pt\/wp-json\/wp\/v2\/posts"}],"about":[{"href":"https:\/\/lespiculins.com\/pt-pt\/wp-json\/wp\/v2\/types\/post"}],"author":[{"embeddable":true,"href":"https:\/\/lespiculins.com\/pt-pt\/wp-json\/wp\/v2\/users\/158"}],"replies":[{"embeddable":true,"href":"https:\/\/lespiculins.com\/pt-pt\/wp-json\/wp\/v2\/comments?post=31825"}],"version-history":[{"count":2,"href":"https:\/\/lespiculins.com\/pt-pt\/wp-json\/wp\/v2\/posts\/31825\/revisions"}],"predecessor-version":[{"id":31827,"href":"https:\/\/lespiculins.com\/pt-pt\/wp-json\/wp\/v2\/posts\/31825\/revisions\/31827"}],"wp:featuredmedia":[{"embeddable":true,"href":"https:\/\/lespiculins.com\/pt-pt\/wp-json\/wp\/v2\/media\/31780"}],"wp:attachment":[{"href":"https:\/\/lespiculins.com\/pt-pt\/wp-json\/wp\/v2\/media?parent=31825"}],"wp:term":[{"taxonomy":"category","embeddable":true,"href":"https:\/\/lespiculins.com\/pt-pt\/wp-json\/wp\/v2\/categories?post=31825"},{"taxonomy":"post_tag","embeddable":true,"href":"https:\/\/lespiculins.com\/pt-pt\/wp-json\/wp\/v2\/tags?post=31825"}],"curies":[{"name":"wp","href":"https:\/\/api.w.org\/{rel}","templated":true}]}}